{"id":145,"date":"2019-09-20T14:37:36","date_gmt":"2019-09-20T14:37:36","guid":{"rendered":"https:\/\/www.gsoffenhausen.schule.neu-ulm.de\/?p=145"},"modified":"2019-11-14T14:43:38","modified_gmt":"2019-11-14T14:43:38","slug":"aktionstag","status":"publish","type":"post","link":"https:\/\/gsoffenhausen.schule.neu-ulm.de\/?p=145","title":{"rendered":"Aktionstag"},"content":{"rendered":"\n<p>\u00a0\u201eUnsere Welt \u2013 die Zukunft bist DU\u201c<\/p>\n\n\n\n<figure class=\"wp-block-image\"><img loading=\"lazy\" decoding=\"async\" width=\"1024\" height=\"639\" src=\"https:\/\/gsoffenhausen.schule.neu-ulm.de\/wp-content\/uploads\/2019\/11\/Aktionstag-02-1-1024x639.jpg\" alt=\"\" class=\"wp-image-148\" srcset=\"https:\/\/gsoffenhausen.schule.neu-ulm.de\/wp-content\/uploads\/2019\/11\/Aktionstag-02-1-1024x639.jpg 1024w, https:\/\/gsoffenhausen.schule.neu-ulm.de\/wp-content\/uploads\/2019\/11\/Aktionstag-02-1-300x187.jpg 300w, https:\/\/gsoffenhausen.schule.neu-ulm.de\/wp-content\/uploads\/2019\/11\/Aktionstag-02-1-768x480.jpg 768w, https:\/\/gsoffenhausen.schule.neu-ulm.de\/wp-content\/uploads\/2019\/11\/Aktionstag-02-1-1600x999.jpg 1600w\" sizes=\"auto, (max-width: 1024px) 100vw, 1024px\" \/><\/figure>\n\n\n\n<p>Am 20.09.2019 beteiligte sich die Grundschule Offenhausen, so wie viele andere Grund- und Mittelschulen im Landkreis, am Aktionstag \u201eUnsere Welt \u2013 die Zukunft bist DU\u201c, der auf den Handlungsbedarf im Bereich Umweltschutz aufmerksam machen wollte. Unser Ziel war es, in Vereinbarkeit mit der Schulpflicht diesen Tag aktiv und produktiv zu nutzen. Er war Auftakt f\u00fcr eine nachhaltige Umweltbildung im weitesten Sinne.  Die Sch\u00fclerinnen und Sch\u00fcler sammelten Tipps, wie wir gemeinsam umweltbewusst unsere Zukunft gestalten k\u00f6nnen. Die Kinder haben ganz pers\u00f6nliche Briefe an die Offenhausener Anwohner verfasst und diese am Aktionstag bei einem Unterrichtsgang verteilt. Sie hoffen, dass die Menschen in unser Schulumgebung das Thema genauso ernst nehmen wie sie.  <\/p>\n\n\n\n<figure class=\"wp-block-image\"><img loading=\"lazy\" decoding=\"async\" width=\"1024\" height=\"768\" src=\"https:\/\/gsoffenhausen.schule.neu-ulm.de\/wp-content\/uploads\/2019\/11\/Aktionstag-01-1024x768.jpg\" alt=\"\" class=\"wp-image-146\" srcset=\"https:\/\/gsoffenhausen.schule.neu-ulm.de\/wp-content\/uploads\/2019\/11\/Aktionstag-01-1024x768.jpg 1024w, https:\/\/gsoffenhausen.schule.neu-ulm.de\/wp-content\/uploads\/2019\/11\/Aktionstag-01-300x225.jpg 300w, https:\/\/gsoffenhausen.schule.neu-ulm.de\/wp-content\/uploads\/2019\/11\/Aktionstag-01-768x576.jpg 768w, https:\/\/gsoffenhausen.schule.neu-ulm.de\/wp-content\/uploads\/2019\/11\/Aktionstag-01-1600x1200.jpg 1600w\" sizes=\"auto, (max-width: 1024px) 100vw, 1024px\" \/><\/figure>\n\n\n\n<div class=\"wp-block-image\"><figure class=\"aligncenter is-resized\"><img loading=\"lazy\" decoding=\"async\" src=\"https:\/\/gsoffenhausen.schule.neu-ulm.de\/wp-content\/uploads\/2019\/11\/Aktionstag-03-704x1024.jpg\" alt=\"\" class=\"wp-image-149\" width=\"385\" height=\"560\" srcset=\"https:\/\/gsoffenhausen.schule.neu-ulm.de\/wp-content\/uploads\/2019\/11\/Aktionstag-03-704x1024.jpg 704w, https:\/\/gsoffenhausen.schule.neu-ulm.de\/wp-content\/uploads\/2019\/11\/Aktionstag-03-206x300.jpg 206w, https:\/\/gsoffenhausen.schule.neu-ulm.de\/wp-content\/uploads\/2019\/11\/Aktionstag-03-768x1118.jpg 768w, https:\/\/gsoffenhausen.schule.neu-ulm.de\/wp-content\/uploads\/2019\/11\/Aktionstag-03-1600x2329.jpg 1600w\" sizes=\"auto, (max-width: 385px) 100vw, 385px\" \/><\/figure><\/div>\n","protected":false},"excerpt":{"rendered":"<p>\u00a0\u201eUnsere Welt \u2013 die Zukunft bist DU\u201c Am 20.09.2019 beteiligte sich die Grundschule Offenhausen, so wie viele andere Grund- und&hellip;<\/p>\n","protected":false},"author":1,"featured_media":148,"comment_status":"closed","ping_status":"closed","sticky":false,"template":"","format":"standard","meta":{"footnotes":""},"categories":[5],"tags":[],"class_list":["post-145","post","type-post","status-publish","format-standard","has-post-thumbnail","hentry","category-schuljahr-2019-2020"],"_links":{"self":[{"href":"https:\/\/gsoffenhausen.schule.neu-ulm.de\/index.php?rest_route=\/wp\/v2\/posts\/145","targetHints":{"allow":["GET"]}}],"collection":[{"href":"https:\/\/gsoffenhausen.schule.neu-ulm.de\/index.php?rest_route=\/wp\/v2\/posts"}],"about":[{"href":"https:\/\/gsoffenhausen.schule.neu-ulm.de\/index.php?rest_route=\/wp\/v2\/types\/post"}],"author":[{"embeddable":true,"href":"https:\/\/gsoffenhausen.schule.neu-ulm.de\/index.php?rest_route=\/wp\/v2\/users\/1"}],"replies":[{"embeddable":true,"href":"https:\/\/gsoffenhausen.schule.neu-ulm.de\/index.php?rest_route=%2Fwp%2Fv2%2Fcomments&post=145"}],"version-history":[{"count":1,"href":"https:\/\/gsoffenhausen.schule.neu-ulm.de\/index.php?rest_route=\/wp\/v2\/posts\/145\/revisions"}],"predecessor-version":[{"id":150,"href":"https:\/\/gsoffenhausen.schule.neu-ulm.de\/index.php?rest_route=\/wp\/v2\/posts\/145\/revisions\/150"}],"wp:featuredmedia":[{"embeddable":true,"href":"https:\/\/gsoffenhausen.schule.neu-ulm.de\/index.php?rest_route=\/wp\/v2\/media\/148"}],"wp:attachment":[{"href":"https:\/\/gsoffenhausen.schule.neu-ulm.de\/index.php?rest_route=%2Fwp%2Fv2%2Fmedia&parent=145"}],"wp:term":[{"taxonomy":"category","embeddable":true,"href":"https:\/\/gsoffenhausen.schule.neu-ulm.de\/index.php?rest_route=%2Fwp%2Fv2%2Fcategories&post=145"},{"taxonomy":"post_tag","embeddable":true,"href":"https:\/\/gsoffenhausen.schule.neu-ulm.de\/index.php?rest_route=%2Fwp%2Fv2%2Ftags&post=145"}],"curies":[{"name":"wp","href":"https:\/\/api.w.org\/{rel}","templated":true}]}}