{"id":421,"date":"2019-12-16T09:41:31","date_gmt":"2019-12-16T09:41:31","guid":{"rendered":"https:\/\/www.gsoffenhausen.schule.neu-ulm.de\/?p=421"},"modified":"2019-12-16T09:43:51","modified_gmt":"2019-12-16T09:43:51","slug":"adventsbesinnungen-und-weihnachtsfeier","status":"publish","type":"post","link":"https:\/\/gsoffenhausen.schule.neu-ulm.de\/?p=421","title":{"rendered":"Adventsbesinnungen und Weihnachtsfeier"},"content":{"rendered":"\n<div class=\"wp-block-image\"><figure class=\"aligncenter is-resized\"><img loading=\"lazy\" decoding=\"async\" src=\"https:\/\/gsoffenhausen.schule.neu-ulm.de\/wp-content\/uploads\/2019\/12\/01a-1-722x1024.jpg\" alt=\"\" class=\"wp-image-422\" width=\"346\" height=\"491\" srcset=\"https:\/\/gsoffenhausen.schule.neu-ulm.de\/wp-content\/uploads\/2019\/12\/01a-1-722x1024.jpg 722w, https:\/\/gsoffenhausen.schule.neu-ulm.de\/wp-content\/uploads\/2019\/12\/01a-1-211x300.jpg 211w, https:\/\/gsoffenhausen.schule.neu-ulm.de\/wp-content\/uploads\/2019\/12\/01a-1-768x1090.jpg 768w, https:\/\/gsoffenhausen.schule.neu-ulm.de\/wp-content\/uploads\/2019\/12\/01a-1-1600x2271.jpg 1600w\" sizes=\"auto, (max-width: 346px) 100vw, 346px\" \/><\/figure><\/div>\n\n\n\n<p>An jedem Montag nach dem jeweiligen Adventssonntag traf sich die Schulgemeinschaft zur Adventsbesinnung. Immer ein oder zwei Jahrgangsstufen f\u00fchrten den anderen Klassen etwas vor. Auch die Vorschulkinder der umliegenden Kinderg\u00e4rten und die Sch\u00fclereltern waren eingeladen. Es gab viele sch\u00f6ne Lieder, szenische Spiele und verschiedene Gedichte. Lustiges und besinnliches wurde vorgetragen. Am letzten Schultag vor den Weihnachtsferien durften sich auch die Eltern und Freunde der Grundschule Offenhausen \u00fcber einen Programmquerschnitt bei unserer Weihnachtsfeier freuen, bei der sich alle Klassen pr\u00e4sentierten.<\/p>\n\n\n\n<ul class=\"wp-block-gallery columns-2 is-cropped wp-block-gallery-1 is-layout-flex wp-block-gallery-is-layout-flex\"><li class=\"blocks-gallery-item\"><figure><img loading=\"lazy\" decoding=\"async\" width=\"1024\" height=\"503\" src=\"https:\/\/gsoffenhausen.schule.neu-ulm.de\/wp-content\/uploads\/2019\/12\/02a-1024x503.jpg\" alt=\"\" data-id=\"423\" data-link=\"https:\/\/gsoffenhausen.schule.neu-ulm.de\/?attachment_id=423\" class=\"wp-image-423\" srcset=\"https:\/\/gsoffenhausen.schule.neu-ulm.de\/wp-content\/uploads\/2019\/12\/02a-1024x503.jpg 1024w, https:\/\/gsoffenhausen.schule.neu-ulm.de\/wp-content\/uploads\/2019\/12\/02a-300x147.jpg 300w, https:\/\/gsoffenhausen.schule.neu-ulm.de\/wp-content\/uploads\/2019\/12\/02a-768x377.jpg 768w, https:\/\/gsoffenhausen.schule.neu-ulm.de\/wp-content\/uploads\/2019\/12\/02a-1600x786.jpg 1600w\" sizes=\"auto, (max-width: 1024px) 100vw, 1024px\" \/><\/figure><\/li><li class=\"blocks-gallery-item\"><figure><img loading=\"lazy\" decoding=\"async\" width=\"1024\" height=\"492\" src=\"https:\/\/gsoffenhausen.schule.neu-ulm.de\/wp-content\/uploads\/2019\/12\/03a-1024x492.jpg\" alt=\"\" data-id=\"424\" data-link=\"https:\/\/gsoffenhausen.schule.neu-ulm.de\/?attachment_id=424\" class=\"wp-image-424\" srcset=\"https:\/\/gsoffenhausen.schule.neu-ulm.de\/wp-content\/uploads\/2019\/12\/03a-1024x492.jpg 1024w, https:\/\/gsoffenhausen.schule.neu-ulm.de\/wp-content\/uploads\/2019\/12\/03a-300x144.jpg 300w, https:\/\/gsoffenhausen.schule.neu-ulm.de\/wp-content\/uploads\/2019\/12\/03a-768x369.jpg 768w, https:\/\/gsoffenhausen.schule.neu-ulm.de\/wp-content\/uploads\/2019\/12\/03a-1600x769.jpg 1600w\" sizes=\"auto, (max-width: 1024px) 100vw, 1024px\" \/><\/figure><\/li><\/ul>\n","protected":false},"excerpt":{"rendered":"<p>An jedem Montag nach dem jeweiligen Adventssonntag traf sich die Schulgemeinschaft zur Adventsbesinnung. Immer ein oder zwei Jahrgangsstufen f\u00fchrten den&hellip;<\/p>\n","protected":false},"author":1,"featured_media":423,"comment_status":"closed","ping_status":"closed","sticky":false,"template":"","format":"standard","meta":{"footnotes":""},"categories":[5],"tags":[],"class_list":["post-421","post","type-post","status-publish","format-standard","has-post-thumbnail","hentry","category-schuljahr-2019-2020"],"_links":{"self":[{"href":"https:\/\/gsoffenhausen.schule.neu-ulm.de\/index.php?rest_route=\/wp\/v2\/posts\/421","targetHints":{"allow":["GET"]}}],"collection":[{"href":"https:\/\/gsoffenhausen.schule.neu-ulm.de\/index.php?rest_route=\/wp\/v2\/posts"}],"about":[{"href":"https:\/\/gsoffenhausen.schule.neu-ulm.de\/index.php?rest_route=\/wp\/v2\/types\/post"}],"author":[{"embeddable":true,"href":"https:\/\/gsoffenhausen.schule.neu-ulm.de\/index.php?rest_route=\/wp\/v2\/users\/1"}],"replies":[{"embeddable":true,"href":"https:\/\/gsoffenhausen.schule.neu-ulm.de\/index.php?rest_route=%2Fwp%2Fv2%2Fcomments&post=421"}],"version-history":[{"count":1,"href":"https:\/\/gsoffenhausen.schule.neu-ulm.de\/index.php?rest_route=\/wp\/v2\/posts\/421\/revisions"}],"predecessor-version":[{"id":425,"href":"https:\/\/gsoffenhausen.schule.neu-ulm.de\/index.php?rest_route=\/wp\/v2\/posts\/421\/revisions\/425"}],"wp:featuredmedia":[{"embeddable":true,"href":"https:\/\/gsoffenhausen.schule.neu-ulm.de\/index.php?rest_route=\/wp\/v2\/media\/423"}],"wp:attachment":[{"href":"https:\/\/gsoffenhausen.schule.neu-ulm.de\/index.php?rest_route=%2Fwp%2Fv2%2Fmedia&parent=421"}],"wp:term":[{"taxonomy":"category","embeddable":true,"href":"https:\/\/gsoffenhausen.schule.neu-ulm.de\/index.php?rest_route=%2Fwp%2Fv2%2Fcategories&post=421"},{"taxonomy":"post_tag","embeddable":true,"href":"https:\/\/gsoffenhausen.schule.neu-ulm.de\/index.php?rest_route=%2Fwp%2Fv2%2Ftags&post=421"}],"curies":[{"name":"wp","href":"https:\/\/api.w.org\/{rel}","templated":true}]}}