{"id":4773,"date":"2022-10-19T12:54:45","date_gmt":"2022-10-19T12:54:45","guid":{"rendered":"https:\/\/www.gsoffenhausen.schule.neu-ulm.de\/?p=4773"},"modified":"2022-10-19T12:57:03","modified_gmt":"2022-10-19T12:57:03","slug":"sicherheitswesten-fuer-die-erstklaessler","status":"publish","type":"post","link":"https:\/\/gsoffenhausen.schule.neu-ulm.de\/?p=4773","title":{"rendered":"Sicherheitswesten f\u00fcr die Erstkl\u00e4ssler"},"content":{"rendered":"\n<figure class=\"wp-block-gallery has-nested-images columns-default is-cropped wp-block-gallery-1 is-layout-flex wp-block-gallery-is-layout-flex\">\n<figure class=\"wp-block-image size-large\"><img loading=\"lazy\" decoding=\"async\" width=\"2560\" height=\"1920\" data-id=\"4775\" src=\"https:\/\/gsoffenhausen.schule.neu-ulm.de\/wp-content\/uploads\/2022\/10\/02-scaled.jpg\" alt=\"\" class=\"wp-image-4775\" srcset=\"https:\/\/gsoffenhausen.schule.neu-ulm.de\/wp-content\/uploads\/2022\/10\/02-scaled.jpg 2560w, https:\/\/gsoffenhausen.schule.neu-ulm.de\/wp-content\/uploads\/2022\/10\/02-300x225.jpg 300w, https:\/\/gsoffenhausen.schule.neu-ulm.de\/wp-content\/uploads\/2022\/10\/02-1024x768.jpg 1024w, https:\/\/gsoffenhausen.schule.neu-ulm.de\/wp-content\/uploads\/2022\/10\/02-768x576.jpg 768w, https:\/\/gsoffenhausen.schule.neu-ulm.de\/wp-content\/uploads\/2022\/10\/02-1536x1152.jpg 1536w, https:\/\/gsoffenhausen.schule.neu-ulm.de\/wp-content\/uploads\/2022\/10\/02-2048x1536.jpg 2048w, https:\/\/gsoffenhausen.schule.neu-ulm.de\/wp-content\/uploads\/2022\/10\/02-1600x1200.jpg 1600w\" sizes=\"auto, (max-width: 2560px) 100vw, 2560px\" \/><\/figure>\n\n\n\n<figure class=\"wp-block-image size-large\"><img loading=\"lazy\" decoding=\"async\" width=\"2560\" height=\"1920\" data-id=\"4774\" src=\"https:\/\/gsoffenhausen.schule.neu-ulm.de\/wp-content\/uploads\/2022\/10\/01-scaled.jpg\" alt=\"\" class=\"wp-image-4774\" srcset=\"https:\/\/gsoffenhausen.schule.neu-ulm.de\/wp-content\/uploads\/2022\/10\/01-scaled.jpg 2560w, https:\/\/gsoffenhausen.schule.neu-ulm.de\/wp-content\/uploads\/2022\/10\/01-300x225.jpg 300w, https:\/\/gsoffenhausen.schule.neu-ulm.de\/wp-content\/uploads\/2022\/10\/01-1024x768.jpg 1024w, https:\/\/gsoffenhausen.schule.neu-ulm.de\/wp-content\/uploads\/2022\/10\/01-768x576.jpg 768w, https:\/\/gsoffenhausen.schule.neu-ulm.de\/wp-content\/uploads\/2022\/10\/01-1536x1152.jpg 1536w, https:\/\/gsoffenhausen.schule.neu-ulm.de\/wp-content\/uploads\/2022\/10\/01-2048x1536.jpg 2048w, https:\/\/gsoffenhausen.schule.neu-ulm.de\/wp-content\/uploads\/2022\/10\/01-1600x1200.jpg 1600w\" sizes=\"auto, (max-width: 2560px) 100vw, 2560px\" \/><\/figure>\n<\/figure>\n\n\n\n<p>Unsere Erstkl\u00e4ssler und die Deutschklasse hatten herbstlichen Besuch von er Verkehrspolizei. In der dunklen, nebeligen Jahreszeit ist es n\u00e4mlich besonders wichtig sich im Stra\u00dfenverkehr zu sch\u00fctzen. Damit die Schulanf\u00e4nger nicht \u00fcbersehen werden k\u00f6nnen, erhielten Sie von der Stadt Neu-Ulm neongelbe Schulranzen\u00fcberz\u00fcge und von der AOK Sicherheitswesten mit Reflektoren. Auch Mimi, die Lesemaus, durfte es ausprobieren.  Vielen herzlichen Dank! <\/p>\n\n\n\n<figure class=\"wp-block-gallery aligncenter has-nested-images columns-default is-cropped wp-block-gallery-2 is-layout-flex wp-block-gallery-is-layout-flex\">\n<figure class=\"wp-block-image size-large\"><img loading=\"lazy\" decoding=\"async\" width=\"1920\" height=\"2560\" data-id=\"4776\" src=\"https:\/\/gsoffenhausen.schule.neu-ulm.de\/wp-content\/uploads\/2022\/10\/03-scaled.jpg\" alt=\"\" class=\"wp-image-4776\" srcset=\"https:\/\/gsoffenhausen.schule.neu-ulm.de\/wp-content\/uploads\/2022\/10\/03-scaled.jpg 1920w, https:\/\/gsoffenhausen.schule.neu-ulm.de\/wp-content\/uploads\/2022\/10\/03-225x300.jpg 225w, https:\/\/gsoffenhausen.schule.neu-ulm.de\/wp-content\/uploads\/2022\/10\/03-768x1024.jpg 768w, https:\/\/gsoffenhausen.schule.neu-ulm.de\/wp-content\/uploads\/2022\/10\/03-1152x1536.jpg 1152w, https:\/\/gsoffenhausen.schule.neu-ulm.de\/wp-content\/uploads\/2022\/10\/03-1536x2048.jpg 1536w, https:\/\/gsoffenhausen.schule.neu-ulm.de\/wp-content\/uploads\/2022\/10\/03-1600x2133.jpg 1600w\" sizes=\"auto, (max-width: 1920px) 100vw, 1920px\" \/><\/figure>\n\n\n\n<figure class=\"wp-block-image size-large\"><img loading=\"lazy\" decoding=\"async\" width=\"768\" height=\"1024\" data-id=\"4777\" src=\"https:\/\/gsoffenhausen.schule.neu-ulm.de\/wp-content\/uploads\/2022\/10\/04-768x1024.jpg\" alt=\"\" class=\"wp-image-4777\" srcset=\"https:\/\/gsoffenhausen.schule.neu-ulm.de\/wp-content\/uploads\/2022\/10\/04-768x1024.jpg 768w, https:\/\/gsoffenhausen.schule.neu-ulm.de\/wp-content\/uploads\/2022\/10\/04-225x300.jpg 225w, https:\/\/gsoffenhausen.schule.neu-ulm.de\/wp-content\/uploads\/2022\/10\/04-1152x1536.jpg 1152w, https:\/\/gsoffenhausen.schule.neu-ulm.de\/wp-content\/uploads\/2022\/10\/04-1536x2048.jpg 1536w, https:\/\/gsoffenhausen.schule.neu-ulm.de\/wp-content\/uploads\/2022\/10\/04-1600x2133.jpg 1600w, https:\/\/gsoffenhausen.schule.neu-ulm.de\/wp-content\/uploads\/2022\/10\/04.jpg 1607w\" sizes=\"auto, (max-width: 768px) 100vw, 768px\" \/><\/figure>\n<\/figure>\n","protected":false},"excerpt":{"rendered":"<p>Unsere Erstkl\u00e4ssler und die Deutschklasse hatten herbstlichen Besuch von er Verkehrspolizei. In der dunklen, nebeligen Jahreszeit ist es n\u00e4mlich besonders&hellip;<\/p>\n","protected":false},"author":1,"featured_media":4774,"comment_status":"closed","ping_status":"closed","sticky":false,"template":"","format":"standard","meta":{"footnotes":""},"categories":[10],"tags":[],"class_list":["post-4773","post","type-post","status-publish","format-standard","has-post-thumbnail","hentry","category-schuljahr-2022-23"],"_links":{"self":[{"href":"https:\/\/gsoffenhausen.schule.neu-ulm.de\/index.php?rest_route=\/wp\/v2\/posts\/4773","targetHints":{"allow":["GET"]}}],"collection":[{"href":"https:\/\/gsoffenhausen.schule.neu-ulm.de\/index.php?rest_route=\/wp\/v2\/posts"}],"about":[{"href":"https:\/\/gsoffenhausen.schule.neu-ulm.de\/index.php?rest_route=\/wp\/v2\/types\/post"}],"author":[{"embeddable":true,"href":"https:\/\/gsoffenhausen.schule.neu-ulm.de\/index.php?rest_route=\/wp\/v2\/users\/1"}],"replies":[{"embeddable":true,"href":"https:\/\/gsoffenhausen.schule.neu-ulm.de\/index.php?rest_route=%2Fwp%2Fv2%2Fcomments&post=4773"}],"version-history":[{"count":3,"href":"https:\/\/gsoffenhausen.schule.neu-ulm.de\/index.php?rest_route=\/wp\/v2\/posts\/4773\/revisions"}],"predecessor-version":[{"id":4780,"href":"https:\/\/gsoffenhausen.schule.neu-ulm.de\/index.php?rest_route=\/wp\/v2\/posts\/4773\/revisions\/4780"}],"wp:featuredmedia":[{"embeddable":true,"href":"https:\/\/gsoffenhausen.schule.neu-ulm.de\/index.php?rest_route=\/wp\/v2\/media\/4774"}],"wp:attachment":[{"href":"https:\/\/gsoffenhausen.schule.neu-ulm.de\/index.php?rest_route=%2Fwp%2Fv2%2Fmedia&parent=4773"}],"wp:term":[{"taxonomy":"category","embeddable":true,"href":"https:\/\/gsoffenhausen.schule.neu-ulm.de\/index.php?rest_route=%2Fwp%2Fv2%2Fcategories&post=4773"},{"taxonomy":"post_tag","embeddable":true,"href":"https:\/\/gsoffenhausen.schule.neu-ulm.de\/index.php?rest_route=%2Fwp%2Fv2%2Ftags&post=4773"}],"curies":[{"name":"wp","href":"https:\/\/api.w.org\/{rel}","templated":true}]}}