{"id":5286,"date":"2023-06-29T05:25:49","date_gmt":"2023-06-29T05:25:49","guid":{"rendered":"https:\/\/www.gsoffenhausen.schule.neu-ulm.de\/?p=5286"},"modified":"2023-06-29T05:25:49","modified_gmt":"2023-06-29T05:25:49","slug":"erzaehl-mir-vom-tod","status":"publish","type":"post","link":"https:\/\/gsoffenhausen.schule.neu-ulm.de\/?p=5286","title":{"rendered":"Erz\u00e4hl mir vom Tod"},"content":{"rendered":"\n<p><\/p>\n\n\n\n<p>Die katholischen und evangelischen Sch\u00fcler der 4. Klassen haben am Montag, den 26.6. einen Ausflug ins Edwin-Scharff-Museum gemacht, um die Ausstellung \u201eErz\u00e4hl mir was vom Tod\u201c zu besuchen.<\/p>\n\n\n\n<p>Bei sch\u00f6nem Wetter sind wir zu Fu\u00df in die Neu-Ulmer Innenstadt gelaufen.<br>Im Museum haben wir uns nach einer kurzen gemeinsamen Begr\u00fc\u00dfung und einem Einstieg in das Thema Tod, in unsere zwei Religionsgruppen geteilt. Diese wurden jeweils von einer Mitarbeiterin durch die Ausstellung gef\u00fchrt.<\/p>\n\n\n\n<p>Von einem Raum ging es in einen anderen. Ein Skelett aus dem 5. Jahrhundert durften die Sch\u00fcler bestaunen. Viele Fragen wirft so ein Skelett auf, die alle gestellt und einige beantwortet werden konnten. Freude bereitete es den Sch\u00fclern, sich einen Unsterblichkeitstrank zu mixen. Auch eine Treppe aus Mexiko war zu bestaunen, auf die Totenk\u00f6pfe aus Marzipan und viele Dinge, die der Verstorbene geliebt hatte, zu sehen waren. So konnten die Sch\u00fcler lernen, wie in einer anderen Kultur an Allerheiligen und Allerseelen der Toten gedacht wird. Besonderen Reiz \u00fcbte auch ein gro\u00dfer Sarg auf die Sch\u00fcler aus. Wer wollte durfte sogar auf den goldenen weichen Kissen des Sarges einmal Probeliegen.<\/p>\n\n\n\n<p>Trotz des ernsten Themas konnten die Sch\u00fcler mit Freude und Neugierde vieles erkunden, anfassen ausprobieren, und sich somit spielerisch dem Thema Tod als einen Teil des Lebens n\u00e4hern.<\/p>\n\n\n\n<figure class=\"wp-block-gallery has-nested-images columns-default is-cropped wp-block-gallery-1 is-layout-flex wp-block-gallery-is-layout-flex\">\n<figure class=\"wp-block-image size-large\"><img loading=\"lazy\" decoding=\"async\" width=\"768\" height=\"1024\" data-id=\"5287\" src=\"https:\/\/gsoffenhausen.schule.neu-ulm.de\/wp-content\/uploads\/2023\/06\/01-1-768x1024.jpg\" alt=\"\" class=\"wp-image-5287\" srcset=\"https:\/\/gsoffenhausen.schule.neu-ulm.de\/wp-content\/uploads\/2023\/06\/01-1-768x1024.jpg 768w, https:\/\/gsoffenhausen.schule.neu-ulm.de\/wp-content\/uploads\/2023\/06\/01-1-225x300.jpg 225w, https:\/\/gsoffenhausen.schule.neu-ulm.de\/wp-content\/uploads\/2023\/06\/01-1-1152x1536.jpg 1152w, https:\/\/gsoffenhausen.schule.neu-ulm.de\/wp-content\/uploads\/2023\/06\/01-1-1536x2048.jpg 1536w, https:\/\/gsoffenhausen.schule.neu-ulm.de\/wp-content\/uploads\/2023\/06\/01-1-1600x2133.jpg 1600w, https:\/\/gsoffenhausen.schule.neu-ulm.de\/wp-content\/uploads\/2023\/06\/01-1-scaled.jpg 1920w\" sizes=\"auto, (max-width: 768px) 100vw, 768px\" \/><\/figure>\n\n\n\n<figure class=\"wp-block-image size-large\"><img loading=\"lazy\" decoding=\"async\" width=\"1024\" height=\"768\" data-id=\"5288\" src=\"https:\/\/gsoffenhausen.schule.neu-ulm.de\/wp-content\/uploads\/2023\/06\/02-1024x768.jpg\" alt=\"\" class=\"wp-image-5288\" srcset=\"https:\/\/gsoffenhausen.schule.neu-ulm.de\/wp-content\/uploads\/2023\/06\/02-1024x768.jpg 1024w, https:\/\/gsoffenhausen.schule.neu-ulm.de\/wp-content\/uploads\/2023\/06\/02-300x225.jpg 300w, https:\/\/gsoffenhausen.schule.neu-ulm.de\/wp-content\/uploads\/2023\/06\/02-768x576.jpg 768w, https:\/\/gsoffenhausen.schule.neu-ulm.de\/wp-content\/uploads\/2023\/06\/02-1536x1152.jpg 1536w, https:\/\/gsoffenhausen.schule.neu-ulm.de\/wp-content\/uploads\/2023\/06\/02-2048x1536.jpg 2048w, https:\/\/gsoffenhausen.schule.neu-ulm.de\/wp-content\/uploads\/2023\/06\/02-1600x1200.jpg 1600w\" sizes=\"auto, (max-width: 1024px) 100vw, 1024px\" \/><\/figure>\n<\/figure>\n","protected":false},"excerpt":{"rendered":"<p>Die katholischen und evangelischen Sch\u00fcler der 4. Klassen haben am Montag, den 26.6. einen Ausflug ins Edwin-Scharff-Museum gemacht, um die&hellip;<\/p>\n","protected":false},"author":1,"featured_media":5288,"comment_status":"closed","ping_status":"closed","sticky":false,"template":"","format":"standard","meta":{"footnotes":""},"categories":[10],"tags":[],"class_list":["post-5286","post","type-post","status-publish","format-standard","has-post-thumbnail","hentry","category-schuljahr-2022-23"],"_links":{"self":[{"href":"https:\/\/gsoffenhausen.schule.neu-ulm.de\/index.php?rest_route=\/wp\/v2\/posts\/5286","targetHints":{"allow":["GET"]}}],"collection":[{"href":"https:\/\/gsoffenhausen.schule.neu-ulm.de\/index.php?rest_route=\/wp\/v2\/posts"}],"about":[{"href":"https:\/\/gsoffenhausen.schule.neu-ulm.de\/index.php?rest_route=\/wp\/v2\/types\/post"}],"author":[{"embeddable":true,"href":"https:\/\/gsoffenhausen.schule.neu-ulm.de\/index.php?rest_route=\/wp\/v2\/users\/1"}],"replies":[{"embeddable":true,"href":"https:\/\/gsoffenhausen.schule.neu-ulm.de\/index.php?rest_route=%2Fwp%2Fv2%2Fcomments&post=5286"}],"version-history":[{"count":1,"href":"https:\/\/gsoffenhausen.schule.neu-ulm.de\/index.php?rest_route=\/wp\/v2\/posts\/5286\/revisions"}],"predecessor-version":[{"id":5289,"href":"https:\/\/gsoffenhausen.schule.neu-ulm.de\/index.php?rest_route=\/wp\/v2\/posts\/5286\/revisions\/5289"}],"wp:featuredmedia":[{"embeddable":true,"href":"https:\/\/gsoffenhausen.schule.neu-ulm.de\/index.php?rest_route=\/wp\/v2\/media\/5288"}],"wp:attachment":[{"href":"https:\/\/gsoffenhausen.schule.neu-ulm.de\/index.php?rest_route=%2Fwp%2Fv2%2Fmedia&parent=5286"}],"wp:term":[{"taxonomy":"category","embeddable":true,"href":"https:\/\/gsoffenhausen.schule.neu-ulm.de\/index.php?rest_route=%2Fwp%2Fv2%2Fcategories&post=5286"},{"taxonomy":"post_tag","embeddable":true,"href":"https:\/\/gsoffenhausen.schule.neu-ulm.de\/index.php?rest_route=%2Fwp%2Fv2%2Ftags&post=5286"}],"curies":[{"name":"wp","href":"https:\/\/api.w.org\/{rel}","templated":true}]}}