{"id":6367,"date":"2025-10-13T05:30:28","date_gmt":"2025-10-13T05:30:28","guid":{"rendered":"https:\/\/gsoffenhausen.schule.neu-ulm.de\/?p=6367"},"modified":"2025-10-13T05:32:29","modified_gmt":"2025-10-13T05:32:29","slug":"unser-erster-wandertag-unterwegs-in-der-natur","status":"publish","type":"post","link":"https:\/\/gsoffenhausen.schule.neu-ulm.de\/?p=6367","title":{"rendered":"Unser erster Wandertag \u2013 unterwegs in der Natur!"},"content":{"rendered":"\n<figure class=\"wp-block-gallery has-nested-images columns-default is-cropped wp-block-gallery-1 is-layout-flex wp-block-gallery-is-layout-flex\">\n<figure class=\"wp-block-image size-large\"><img loading=\"lazy\" decoding=\"async\" width=\"1024\" height=\"768\" data-id=\"6368\" src=\"https:\/\/gsoffenhausen.schule.neu-ulm.de\/wp-content\/uploads\/2025\/10\/02-1024x768.jpg\" alt=\"\" class=\"wp-image-6368\" srcset=\"https:\/\/gsoffenhausen.schule.neu-ulm.de\/wp-content\/uploads\/2025\/10\/02-1024x768.jpg 1024w, https:\/\/gsoffenhausen.schule.neu-ulm.de\/wp-content\/uploads\/2025\/10\/02-300x225.jpg 300w, https:\/\/gsoffenhausen.schule.neu-ulm.de\/wp-content\/uploads\/2025\/10\/02-768x576.jpg 768w, https:\/\/gsoffenhausen.schule.neu-ulm.de\/wp-content\/uploads\/2025\/10\/02-1536x1152.jpg 1536w, https:\/\/gsoffenhausen.schule.neu-ulm.de\/wp-content\/uploads\/2025\/10\/02-2048x1536.jpg 2048w, https:\/\/gsoffenhausen.schule.neu-ulm.de\/wp-content\/uploads\/2025\/10\/02-1600x1200.jpg 1600w\" sizes=\"auto, (max-width: 1024px) 100vw, 1024px\" \/><\/figure>\n\n\n\n<figure class=\"wp-block-image size-large\"><img loading=\"lazy\" decoding=\"async\" width=\"1024\" height=\"768\" data-id=\"6369\" src=\"https:\/\/gsoffenhausen.schule.neu-ulm.de\/wp-content\/uploads\/2025\/10\/01-1024x768.jpg\" alt=\"\" class=\"wp-image-6369\" srcset=\"https:\/\/gsoffenhausen.schule.neu-ulm.de\/wp-content\/uploads\/2025\/10\/01-1024x768.jpg 1024w, https:\/\/gsoffenhausen.schule.neu-ulm.de\/wp-content\/uploads\/2025\/10\/01-300x225.jpg 300w, https:\/\/gsoffenhausen.schule.neu-ulm.de\/wp-content\/uploads\/2025\/10\/01-768x576.jpg 768w, https:\/\/gsoffenhausen.schule.neu-ulm.de\/wp-content\/uploads\/2025\/10\/01-1536x1152.jpg 1536w, https:\/\/gsoffenhausen.schule.neu-ulm.de\/wp-content\/uploads\/2025\/10\/01-2048x1536.jpg 2048w, https:\/\/gsoffenhausen.schule.neu-ulm.de\/wp-content\/uploads\/2025\/10\/01-1600x1200.jpg 1600w\" sizes=\"auto, (max-width: 1024px) 100vw, 1024px\" \/><\/figure>\n<\/figure>\n\n\n\n<p>Am 10. Oktober war es endlich so weit: Die zweiten Klassen machten sich auf zu ihrem ersten Wandertag in diesem Schuljahr! Bei sch\u00f6nem Wetter ging es zu Fu\u00df zu einem nahegelegenen Spielplatz.<\/p>\n\n\n\n<p>Unterwegs konnten die Kinder die Natur entdecken, den Herbstwind sp\u00fcren und viele spannende Dinge beobachten \u2013 bunte Bl\u00e4tter, kleine Tiere und nat\u00fcrlich jede Menge Gelegenheiten zum Plaudern und Lachen.<\/p>\n\n\n\n<p>Am Spielplatz angekommen, wurde ausgiebig gespielt, geklettert und gepicknickt. Ob Schaukel, Drehscheibe oder Fu\u00dfballspielen \u2013 f\u00fcr jeden war etwas dabei!<\/p>\n\n\n\n<p>Nach einer fr\u00f6hlichen Pause ging es schlie\u00dflich wieder zu Fu\u00df zur\u00fcck zur Schule. M\u00fcde, aber gl\u00fccklich, kamen alle Kinder wieder an \u2013 mit vielen sch\u00f6nen Erlebnissen im Gep\u00e4ck<\/p>\n\n\n\n<p>Ein gelungener Start in das neue Schuljahr und ein toller Tag in der Natur!<\/p>\n\n\n<div class=\"wp-block-image\">\n<figure class=\"aligncenter size-large is-resized\"><img loading=\"lazy\" decoding=\"async\" width=\"768\" height=\"1024\" src=\"https:\/\/gsoffenhausen.schule.neu-ulm.de\/wp-content\/uploads\/2025\/10\/03-768x1024.jpg\" alt=\"\" class=\"wp-image-6370\" style=\"width:335px;height:auto\" srcset=\"https:\/\/gsoffenhausen.schule.neu-ulm.de\/wp-content\/uploads\/2025\/10\/03-768x1024.jpg 768w, https:\/\/gsoffenhausen.schule.neu-ulm.de\/wp-content\/uploads\/2025\/10\/03-225x300.jpg 225w, https:\/\/gsoffenhausen.schule.neu-ulm.de\/wp-content\/uploads\/2025\/10\/03-1152x1536.jpg 1152w, https:\/\/gsoffenhausen.schule.neu-ulm.de\/wp-content\/uploads\/2025\/10\/03-1536x2048.jpg 1536w, https:\/\/gsoffenhausen.schule.neu-ulm.de\/wp-content\/uploads\/2025\/10\/03-1600x2133.jpg 1600w, https:\/\/gsoffenhausen.schule.neu-ulm.de\/wp-content\/uploads\/2025\/10\/03-scaled.jpg 1920w\" sizes=\"auto, (max-width: 768px) 100vw, 768px\" \/><\/figure>\n<\/div>","protected":false},"excerpt":{"rendered":"<p>Am 10. Oktober war es endlich so weit: Die zweiten Klassen machten sich auf zu ihrem ersten Wandertag in diesem&hellip;<\/p>\n","protected":false},"author":1,"featured_media":6369,"comment_status":"closed","ping_status":"closed","sticky":false,"template":"","format":"standard","meta":{"footnotes":""},"categories":[14],"tags":[],"class_list":["post-6367","post","type-post","status-publish","format-standard","has-post-thumbnail","hentry","category-schuljahr-2025-26"],"_links":{"self":[{"href":"https:\/\/gsoffenhausen.schule.neu-ulm.de\/index.php?rest_route=\/wp\/v2\/posts\/6367","targetHints":{"allow":["GET"]}}],"collection":[{"href":"https:\/\/gsoffenhausen.schule.neu-ulm.de\/index.php?rest_route=\/wp\/v2\/posts"}],"about":[{"href":"https:\/\/gsoffenhausen.schule.neu-ulm.de\/index.php?rest_route=\/wp\/v2\/types\/post"}],"author":[{"embeddable":true,"href":"https:\/\/gsoffenhausen.schule.neu-ulm.de\/index.php?rest_route=\/wp\/v2\/users\/1"}],"replies":[{"embeddable":true,"href":"https:\/\/gsoffenhausen.schule.neu-ulm.de\/index.php?rest_route=%2Fwp%2Fv2%2Fcomments&post=6367"}],"version-history":[{"count":3,"href":"https:\/\/gsoffenhausen.schule.neu-ulm.de\/index.php?rest_route=\/wp\/v2\/posts\/6367\/revisions"}],"predecessor-version":[{"id":6374,"href":"https:\/\/gsoffenhausen.schule.neu-ulm.de\/index.php?rest_route=\/wp\/v2\/posts\/6367\/revisions\/6374"}],"wp:featuredmedia":[{"embeddable":true,"href":"https:\/\/gsoffenhausen.schule.neu-ulm.de\/index.php?rest_route=\/wp\/v2\/media\/6369"}],"wp:attachment":[{"href":"https:\/\/gsoffenhausen.schule.neu-ulm.de\/index.php?rest_route=%2Fwp%2Fv2%2Fmedia&parent=6367"}],"wp:term":[{"taxonomy":"category","embeddable":true,"href":"https:\/\/gsoffenhausen.schule.neu-ulm.de\/index.php?rest_route=%2Fwp%2Fv2%2Fcategories&post=6367"},{"taxonomy":"post_tag","embeddable":true,"href":"https:\/\/gsoffenhausen.schule.neu-ulm.de\/index.php?rest_route=%2Fwp%2Fv2%2Ftags&post=6367"}],"curies":[{"name":"wp","href":"https:\/\/api.w.org\/{rel}","templated":true}]}}